{"id":2248,"date":"2016-12-09T08:22:32","date_gmt":"2016-12-09T08:22:32","guid":{"rendered":"http:\/\/ecolelibredecourriere.be\/?p=2248"},"modified":"2017-01-23T23:56:39","modified_gmt":"2017-01-23T23:56:39","slug":"marche-de-noel-et-concert-des-enfants-vendredi-16-decembre","status":"publish","type":"post","link":"https:\/\/ecolelibredecourriere.be\/index.php\/2016\/12\/09\/marche-de-noel-et-concert-des-enfants-vendredi-16-decembre\/","title":{"rendered":"March\u00e9 de No\u00ebl  et concert des enfants  vendredi 16 d\u00e9cembre"},"content":{"rendered":"<figure id=\"attachment_2249\" aria-describedby=\"caption-attachment-2249\" style=\"width: 1000px\" class=\"wp-caption aligncenter\"><img loading=\"lazy\" decoding=\"async\" class=\"size-full wp-image-2249\" src=\"http:\/\/ecolelibredecourriere.be\/wp-content\/uploads\/2016\/12\/Affiche-Marche-de-Noel-20165209.jpg\" alt=\"Nouveaut\u00e9 vers 18h concert des enfants\" width=\"1000\" height=\"1000\" srcset=\"https:\/\/ecolelibredecourriere.be\/wp-content\/uploads\/2016\/12\/Affiche-Marche-de-Noel-20165209.jpg 1000w, https:\/\/ecolelibredecourriere.be\/wp-content\/uploads\/2016\/12\/Affiche-Marche-de-Noel-20165209-150x150.jpg 150w, https:\/\/ecolelibredecourriere.be\/wp-content\/uploads\/2016\/12\/Affiche-Marche-de-Noel-20165209-300x300.jpg 300w, https:\/\/ecolelibredecourriere.be\/wp-content\/uploads\/2016\/12\/Affiche-Marche-de-Noel-20165209-768x768.jpg 768w\" sizes=\"auto, (max-width: 1000px) 100vw, 1000px\" \/><figcaption id=\"caption-attachment-2249\" class=\"wp-caption-text\"><strong>\u00a0\u00a0\u00a0\u00a0\u00a0\u00a0\u00a0\u00a0\u00a0\u00a0\u00a0\u00a0\u00a0\u00a0\u00a0\u00a0\u00a0\u00a0\u00a0\u00a0\u00a0\u00a0\u00a0\u00a0\u00a0\u00a0\u00a0\u00a0\u00a0\u00a0\u00a0\u00a0\u00a0\u00a0\u00a0\u00a0\u00a0\u00a0\u00a0\u00a0\u00a0\u00a0\u00a0\u00a0\u00a0\u00a0\u00a0\u00a0\u00a0\u00a0\u00a0\u00a0\u00a0\u00a0\u00a0\u00a0\u00a0\u00a0\u00a0\u00a0\u00a0\u00a0\u00a0\u00a0<span style=\"color: #3366ff;\">\u00a0\u00a0 Concert des enfants vers 18h. <\/span><\/strong><\/figcaption><\/figure>\n","protected":false},"excerpt":{"rendered":"","protected":false},"author":1,"featured_media":0,"comment_status":"open","ping_status":"open","sticky":false,"template":"","format":"standard","meta":{"footnotes":""},"categories":[42],"tags":[],"class_list":["post-2248","post","type-post","status-publish","format-standard","hentry","category-festivites"],"_links":{"self":[{"href":"https:\/\/ecolelibredecourriere.be\/index.php\/wp-json\/wp\/v2\/posts\/2248","targetHints":{"allow":["GET"]}}],"collection":[{"href":"https:\/\/ecolelibredecourriere.be\/index.php\/wp-json\/wp\/v2\/posts"}],"about":[{"href":"https:\/\/ecolelibredecourriere.be\/index.php\/wp-json\/wp\/v2\/types\/post"}],"author":[{"embeddable":true,"href":"https:\/\/ecolelibredecourriere.be\/index.php\/wp-json\/wp\/v2\/users\/1"}],"replies":[{"embeddable":true,"href":"https:\/\/ecolelibredecourriere.be\/index.php\/wp-json\/wp\/v2\/comments?post=2248"}],"version-history":[{"count":3,"href":"https:\/\/ecolelibredecourriere.be\/index.php\/wp-json\/wp\/v2\/posts\/2248\/revisions"}],"predecessor-version":[{"id":2252,"href":"https:\/\/ecolelibredecourriere.be\/index.php\/wp-json\/wp\/v2\/posts\/2248\/revisions\/2252"}],"wp:attachment":[{"href":"https:\/\/ecolelibredecourriere.be\/index.php\/wp-json\/wp\/v2\/media?parent=2248"}],"wp:term":[{"taxonomy":"category","embeddable":true,"href":"https:\/\/ecolelibredecourriere.be\/index.php\/wp-json\/wp\/v2\/categories?post=2248"},{"taxonomy":"post_tag","embeddable":true,"href":"https:\/\/ecolelibredecourriere.be\/index.php\/wp-json\/wp\/v2\/tags?post=2248"}],"curies":[{"name":"wp","href":"https:\/\/api.w.org\/{rel}","templated":true}]}}