{"id":2390,"date":"2017-01-30T13:25:20","date_gmt":"2017-01-30T13:25:20","guid":{"rendered":"http:\/\/ecolelibredecourriere.be\/?p=2390"},"modified":"2017-01-30T14:38:54","modified_gmt":"2017-01-30T14:38:54","slug":"merci-pour-ces-bons-repas","status":"publish","type":"post","link":"https:\/\/ecolelibredecourriere.be\/index.php\/2017\/01\/30\/merci-pour-ces-bons-repas\/","title":{"rendered":"Merci pour ces bons repas :)"},"content":{"rendered":"<p>Chers parents, chers \u00e9l\u00e8ves, vous n&rsquo;\u00eates pas sans savoir que nous avons la chance de pouvoir proposer\u00a0 chaque midi des repas complets&#8230;<\/p>\n<p>en voici un petit aper\u00e7u:<a href=\"http:\/\/ecolelibredecourriere.be\/index.php\/2017\/01\/24\/menu-de-fevrier-2017\/\">http:\/\/ecolelibredecourriere.be\/index.php\/2017\/01\/24\/menu-de-fevrier-2017\/<\/a><\/p>\n<p>Une organisation assur\u00e9e par une \u00e9quipe de b\u00e9n\u00e9voles qui se d\u00e9vouent tous les jours pour nous pr\u00e9parer un repas chaud et d\u00e9licieux&#8230; Voici un petit mot les remerciant de nous donner un peu de leur temps pr\u00e9cieux.\u00a0<span style=\"text-decoration: underline;\"><span style=\"color: #3366ff; text-decoration: underline;\"><br \/>\n<\/span><\/span><\/p>\n<p>Nous en profitons pour vous inviter \u00e0 renforcer l&rsquo;\u00e9quipe car gr\u00e2ce au b\u00e9n\u00e9volat, l&rsquo;organisation n&rsquo;en sera que plus facile et b\u00e9n\u00e9fique pour vos enfants. Pour tous renseignements, veuillez prendre contact avec Mme Demarteau ou en parler \u00e0 une institutrice qui transmettra l&rsquo;info avec plaisir!<\/p>\n<p><iframe loading=\"lazy\" title=\"merci merci\" width=\"530\" height=\"298\" src=\"https:\/\/www.youtube.com\/embed\/CjTcIYVINYc?feature=oembed\" frameborder=\"0\" allow=\"accelerometer; autoplay; clipboard-write; encrypted-media; gyroscope; picture-in-picture; web-share\" referrerpolicy=\"strict-origin-when-cross-origin\" allowfullscreen><\/iframe><\/p>\n<p>&nbsp;<\/p>\n","protected":false},"excerpt":{"rendered":"<p>Chers parents, chers \u00e9l\u00e8ves, vous n&rsquo;\u00eates pas sans savoir que nous avons la chance de pouvoir proposer\u00a0 chaque midi des repas complets&#8230; en voici un petit aper\u00e7u:http:\/\/ecolelibredecourriere.be\/index.php\/2017\/01\/24\/menu-de-fevrier-2017\/ Une organisation assur\u00e9e par une \u00e9quipe de b\u00e9n\u00e9voles qui se d\u00e9vouent tous les <a class=\"more-link\" href=\"https:\/\/ecolelibredecourriere.be\/index.php\/2017\/01\/30\/merci-pour-ces-bons-repas\/\">Continuer la lecture <span class=\"screen-reader-text\">  Merci pour ces bons repas \ud83d\ude42<\/span><span class=\"meta-nav\">&rarr;<\/span><\/a><\/p>\n","protected":false},"author":1,"featured_media":0,"comment_status":"open","ping_status":"open","sticky":false,"template":"","format":"standard","meta":{"footnotes":""},"categories":[1,46],"tags":[],"class_list":["post-2390","post","type-post","status-publish","format-standard","hentry","category-en-bref","category-menus-mensuels"],"_links":{"self":[{"href":"https:\/\/ecolelibredecourriere.be\/index.php\/wp-json\/wp\/v2\/posts\/2390","targetHints":{"allow":["GET"]}}],"collection":[{"href":"https:\/\/ecolelibredecourriere.be\/index.php\/wp-json\/wp\/v2\/posts"}],"about":[{"href":"https:\/\/ecolelibredecourriere.be\/index.php\/wp-json\/wp\/v2\/types\/post"}],"author":[{"embeddable":true,"href":"https:\/\/ecolelibredecourriere.be\/index.php\/wp-json\/wp\/v2\/users\/1"}],"replies":[{"embeddable":true,"href":"https:\/\/ecolelibredecourriere.be\/index.php\/wp-json\/wp\/v2\/comments?post=2390"}],"version-history":[{"count":6,"href":"https:\/\/ecolelibredecourriere.be\/index.php\/wp-json\/wp\/v2\/posts\/2390\/revisions"}],"predecessor-version":[{"id":2444,"href":"https:\/\/ecolelibredecourriere.be\/index.php\/wp-json\/wp\/v2\/posts\/2390\/revisions\/2444"}],"wp:attachment":[{"href":"https:\/\/ecolelibredecourriere.be\/index.php\/wp-json\/wp\/v2\/media?parent=2390"}],"wp:term":[{"taxonomy":"category","embeddable":true,"href":"https:\/\/ecolelibredecourriere.be\/index.php\/wp-json\/wp\/v2\/categories?post=2390"},{"taxonomy":"post_tag","embeddable":true,"href":"https:\/\/ecolelibredecourriere.be\/index.php\/wp-json\/wp\/v2\/tags?post=2390"}],"curies":[{"name":"wp","href":"https:\/\/api.w.org\/{rel}","templated":true}]}}