{"id":2450,"date":"2017-02-01T21:07:37","date_gmt":"2017-02-01T21:07:37","guid":{"rendered":"http:\/\/ecolelibredecourriere.be\/?p=2450"},"modified":"2017-02-01T21:07:37","modified_gmt":"2017-02-01T21:07:37","slug":"a-pied-a-velo","status":"publish","type":"post","link":"https:\/\/ecolelibredecourriere.be\/index.php\/2017\/02\/01\/a-pied-a-velo\/","title":{"rendered":"A PIED A VELO"},"content":{"rendered":"<p>2016-2017 est une ann\u00e9e scolaire remplie de nouveaut\u00e9s&#8230;<\/p>\n<p>Et la participation de l&rsquo;\u00e9cole \u00e0\u00a0 <em><strong>\u00ab\u00a0\u00e0 pied, \u00e0 v\u00e9lo\u00a0\u00bb<\/strong><\/em>\u00a0 ce 16 septembre 2016 nous a mis en selle pour la rentr\u00e9e \ud83d\ude42<\/p>\n<p>En plus de vivre un moment in\u00e9dit avec les enfants participants, cette action nous aura permis de les sensibiliser entre autres \u00e0 l&rsquo;\u00e9cologie, la pollution, ainsi que l&rsquo;importance de faire du sport et de bouger pour une bonne sant\u00e9.<\/p>\n<p>&nbsp;<\/p>\n<div id='gallery-1' class='gallery galleryid-2450 gallery-columns-1 gallery-size-medium'><figure class='gallery-item'>\n\t\t\t<div class='gallery-icon portrait'>\n\t\t\t\t<a href='https:\/\/ecolelibredecourriere.be\/index.php\/2017\/02\/01\/a-pied-a-velo\/fullsizerender1\/'><img loading=\"lazy\" decoding=\"async\" width=\"209\" height=\"300\" src=\"https:\/\/ecolelibredecourriere.be\/wp-content\/uploads\/2017\/02\/FullSizeRender1-209x300.jpg\" class=\"attachment-medium size-medium\" alt=\"\" aria-describedby=\"gallery-1-2451\" srcset=\"https:\/\/ecolelibredecourriere.be\/wp-content\/uploads\/2017\/02\/FullSizeRender1-209x300.jpg 209w, https:\/\/ecolelibredecourriere.be\/wp-content\/uploads\/2017\/02\/FullSizeRender1-768x1103.jpg 768w, https:\/\/ecolelibredecourriere.be\/wp-content\/uploads\/2017\/02\/FullSizeRender1-713x1024.jpg 713w, https:\/\/ecolelibredecourriere.be\/wp-content\/uploads\/2017\/02\/FullSizeRender1.jpg 1090w\" sizes=\"auto, (max-width: 209px) 100vw, 209px\" \/><\/a>\n\t\t\t<\/div>\n\t\t\t\t<figcaption class='wp-caption-text gallery-caption' id='gallery-1-2451'>\n\t\t\t\taffiche 5-6\n\t\t\t\t<\/figcaption><\/figure><figure class='gallery-item'>\n\t\t\t<div class='gallery-icon landscape'>\n\t\t\t\t<a href='https:\/\/ecolelibredecourriere.be\/index.php\/2017\/02\/01\/a-pied-a-velo\/741b1c62-9a44-4c99-86c8-51f2db7afeaf\/'><img loading=\"lazy\" decoding=\"async\" width=\"300\" height=\"224\" src=\"https:\/\/ecolelibredecourriere.be\/wp-content\/uploads\/2017\/02\/741B1C62-9A44-4C99-86C8-51F2DB7AFEAF-300x224.jpg\" class=\"attachment-medium size-medium\" alt=\"\" aria-describedby=\"gallery-1-2454\" srcset=\"https:\/\/ecolelibredecourriere.be\/wp-content\/uploads\/2017\/02\/741B1C62-9A44-4C99-86C8-51F2DB7AFEAF-300x224.jpg 300w, https:\/\/ecolelibredecourriere.be\/wp-content\/uploads\/2017\/02\/741B1C62-9A44-4C99-86C8-51F2DB7AFEAF-768x574.jpg 768w, https:\/\/ecolelibredecourriere.be\/wp-content\/uploads\/2017\/02\/741B1C62-9A44-4C99-86C8-51F2DB7AFEAF-1024x765.jpg 1024w, https:\/\/ecolelibredecourriere.be\/wp-content\/uploads\/2017\/02\/741B1C62-9A44-4C99-86C8-51F2DB7AFEAF-1170x874.jpg 1170w\" sizes=\"auto, (max-width: 300px) 100vw, 300px\" \/><\/a>\n\t\t\t<\/div>\n\t\t\t\t<figcaption class='wp-caption-text gallery-caption' id='gallery-1-2454'>\n\t\t\t\t        Nous voici ! \n\t\t\t\t<\/figcaption><\/figure><figure class='gallery-item'>\n\t\t\t<div class='gallery-icon landscape'>\n\t\t\t\t<a href='https:\/\/ecolelibredecourriere.be\/index.php\/2017\/02\/01\/a-pied-a-velo\/fullsizerender2\/'><img loading=\"lazy\" decoding=\"async\" width=\"300\" height=\"232\" src=\"https:\/\/ecolelibredecourriere.be\/wp-content\/uploads\/2017\/02\/FullSizeRender2-300x232.jpg\" class=\"attachment-medium size-medium\" alt=\"\" aria-describedby=\"gallery-1-2452\" srcset=\"https:\/\/ecolelibredecourriere.be\/wp-content\/uploads\/2017\/02\/FullSizeRender2-300x232.jpg 300w, https:\/\/ecolelibredecourriere.be\/wp-content\/uploads\/2017\/02\/FullSizeRender2-768x595.jpg 768w, https:\/\/ecolelibredecourriere.be\/wp-content\/uploads\/2017\/02\/FullSizeRender2-1024x793.jpg 1024w, https:\/\/ecolelibredecourriere.be\/wp-content\/uploads\/2017\/02\/FullSizeRender2-1170x906.jpg 1170w, https:\/\/ecolelibredecourriere.be\/wp-content\/uploads\/2017\/02\/FullSizeRender2.jpg 1945w\" sizes=\"auto, (max-width: 300px) 100vw, 300px\" \/><\/a>\n\t\t\t<\/div>\n\t\t\t\t<figcaption class='wp-caption-text gallery-caption' id='gallery-1-2452'>\n\t\t\t\taffiche 1-2\n\t\t\t\t<\/figcaption><\/figure><figure class='gallery-item'>\n\t\t\t<div class='gallery-icon landscape'>\n\t\t\t\t<a href='https:\/\/ecolelibredecourriere.be\/index.php\/2017\/02\/01\/a-pied-a-velo\/fullsizerender3\/'><img loading=\"lazy\" decoding=\"async\" width=\"300\" height=\"213\" src=\"https:\/\/ecolelibredecourriere.be\/wp-content\/uploads\/2017\/02\/FullSizeRender3-300x213.jpg\" class=\"attachment-medium size-medium\" alt=\"\" aria-describedby=\"gallery-1-2453\" srcset=\"https:\/\/ecolelibredecourriere.be\/wp-content\/uploads\/2017\/02\/FullSizeRender3-300x213.jpg 300w, https:\/\/ecolelibredecourriere.be\/wp-content\/uploads\/2017\/02\/FullSizeRender3-768x547.jpg 768w, https:\/\/ecolelibredecourriere.be\/wp-content\/uploads\/2017\/02\/FullSizeRender3-1024x729.jpg 1024w, https:\/\/ecolelibredecourriere.be\/wp-content\/uploads\/2017\/02\/FullSizeRender3-1170x833.jpg 1170w\" sizes=\"auto, (max-width: 300px) 100vw, 300px\" \/><\/a>\n\t\t\t<\/div>\n\t\t\t\t<figcaption class='wp-caption-text gallery-caption' id='gallery-1-2453'>\n\t\t\t\tSlogan initi\u00e9 par 3-4\n\t\t\t\t<\/figcaption><\/figure>\n\t\t<\/div>\n\n<p>Je vous propose de visionner la vid\u00e9o ci dessous pour se rem\u00e9morer cette arriv\u00e9e \u00e0 l&rsquo;\u00e9cole sous les rayons du soleil bienveillant.<\/p>\n<p><a href=\"https:\/\/www.youtube.com\/watch?v=qO4eId9cbK0\">(cliquez ici)\u00a0 \u00e0 pied, \u00e0 v\u00e9lo<\/a><\/p>\n<p>ps:<\/p>\n<p><em>Merci aux parents et grands-parents accompagnants, aux enseignants et bien s\u00fbr\u00a0<\/em><\/p>\n<p><strong><em>merci \u00e0 vous les enfants pour votre enthousiasme et votre participation!<\/em> <\/strong><\/p>\n<p>On remet \u00e7a l&rsquo;ann\u00e9e prochaine?<\/p>\n","protected":false},"excerpt":{"rendered":"<p>2016-2017 est une ann\u00e9e scolaire remplie de nouveaut\u00e9s&#8230; Et la participation de l&rsquo;\u00e9cole \u00e0\u00a0 \u00ab\u00a0\u00e0 pied, \u00e0 v\u00e9lo\u00a0\u00bb\u00a0 ce 16 septembre 2016 nous a mis en selle pour la rentr\u00e9e \ud83d\ude42 En plus de vivre un moment in\u00e9dit avec les <a class=\"more-link\" href=\"https:\/\/ecolelibredecourriere.be\/index.php\/2017\/02\/01\/a-pied-a-velo\/\">Continuer la lecture <span class=\"screen-reader-text\">  A PIED A VELO<\/span><span class=\"meta-nav\">&rarr;<\/span><\/a><\/p>\n","protected":false},"author":1,"featured_media":0,"comment_status":"open","ping_status":"open","sticky":false,"template":"","format":"standard","meta":{"footnotes":""},"categories":[1,40,39],"tags":[],"class_list":["post-2450","post","type-post","status-publish","format-standard","hentry","category-en-bref","category-maternelle","category-primaire"],"_links":{"self":[{"href":"https:\/\/ecolelibredecourriere.be\/index.php\/wp-json\/wp\/v2\/posts\/2450","targetHints":{"allow":["GET"]}}],"collection":[{"href":"https:\/\/ecolelibredecourriere.be\/index.php\/wp-json\/wp\/v2\/posts"}],"about":[{"href":"https:\/\/ecolelibredecourriere.be\/index.php\/wp-json\/wp\/v2\/types\/post"}],"author":[{"embeddable":true,"href":"https:\/\/ecolelibredecourriere.be\/index.php\/wp-json\/wp\/v2\/users\/1"}],"replies":[{"embeddable":true,"href":"https:\/\/ecolelibredecourriere.be\/index.php\/wp-json\/wp\/v2\/comments?post=2450"}],"version-history":[{"count":1,"href":"https:\/\/ecolelibredecourriere.be\/index.php\/wp-json\/wp\/v2\/posts\/2450\/revisions"}],"predecessor-version":[{"id":2455,"href":"https:\/\/ecolelibredecourriere.be\/index.php\/wp-json\/wp\/v2\/posts\/2450\/revisions\/2455"}],"wp:attachment":[{"href":"https:\/\/ecolelibredecourriere.be\/index.php\/wp-json\/wp\/v2\/media?parent=2450"}],"wp:term":[{"taxonomy":"category","embeddable":true,"href":"https:\/\/ecolelibredecourriere.be\/index.php\/wp-json\/wp\/v2\/categories?post=2450"},{"taxonomy":"post_tag","embeddable":true,"href":"https:\/\/ecolelibredecourriere.be\/index.php\/wp-json\/wp\/v2\/tags?post=2450"}],"curies":[{"name":"wp","href":"https:\/\/api.w.org\/{rel}","templated":true}]}}