{"id":2499,"date":"2017-02-10T13:38:37","date_gmt":"2017-02-10T13:38:37","guid":{"rendered":"http:\/\/ecolelibredecourriere.be\/?p=2499"},"modified":"2017-02-28T17:40:26","modified_gmt":"2017-02-28T17:40:26","slug":"festival-du-livre-dans-notre-ecole","status":"publish","type":"post","link":"https:\/\/ecolelibredecourriere.be\/index.php\/2017\/02\/10\/festival-du-livre-dans-notre-ecole\/","title":{"rendered":"FESTIVAL DU LIVRE DANS NOTRE ECOLE"},"content":{"rendered":"<p style=\"text-align: justify;\"><span style=\"font-size: 14pt;\"><b><u>MERCI \u00c0 TOUS:<\/u><\/b><\/span><\/p>\n<p style=\"text-align: justify;\"><span style=\"font-size: 14pt;\"><b>Gr\u00e2ce \u00e0 votre participation \u00e0 ce festival, chaque classe a pu s&rsquo;\u00e9quiper de quelques nouveaux livres et ainsi compl\u00e9ter sa biblioth\u00e8que.\u00a0<\/b><\/span><\/p>\n<p style=\"text-align: justify;\"><span style=\"font-size: 14pt;\"><b>Les \u00e9l\u00e8ves ont pu durant toute cette semaine, d\u00e9couvrir les plaisirs de la lecture, y prendre go\u00fbt et d\u00e9cider de poursuivre (ou pas) cette d\u00e9couverte tout au long de l&rsquo; ann\u00e9e, \u00e0 l&rsquo;\u00e9cole ou \u00e0 la maison&#8230;\u00a0<\/b><\/span><\/p>\n<p style=\"text-align: justify;\">Ca y est ils sont arriv\u00e9s! Qui \u00e7a? Les livres! Tout beaux, tout frais, pr\u00eats \u00e0 \u00eatre d\u00e9vor\u00e9s par vos enfants!<img loading=\"lazy\" decoding=\"async\" class=\"alignright wp-image-2503 \" src=\"http:\/\/ecolelibredecourriere.be\/wp-content\/uploads\/2017\/02\/Fichier-10-02-17-14-18-15-e1486733201627-224x300.jpeg\" width=\"320\" height=\"429\" srcset=\"https:\/\/ecolelibredecourriere.be\/wp-content\/uploads\/2017\/02\/Fichier-10-02-17-14-18-15-e1486733201627-224x300.jpeg 224w, https:\/\/ecolelibredecourriere.be\/wp-content\/uploads\/2017\/02\/Fichier-10-02-17-14-18-15-e1486733201627-768x1028.jpeg 768w, https:\/\/ecolelibredecourriere.be\/wp-content\/uploads\/2017\/02\/Fichier-10-02-17-14-18-15-e1486733201627-765x1024.jpeg 765w, https:\/\/ecolelibredecourriere.be\/wp-content\/uploads\/2017\/02\/Fichier-10-02-17-14-18-15-e1486733201627-1170x1566.jpeg 1170w, https:\/\/ecolelibredecourriere.be\/wp-content\/uploads\/2017\/02\/Fichier-10-02-17-14-18-15-e1486733201627.jpeg 1936w\" sizes=\"auto, (max-width: 320px) 100vw, 320px\" \/><\/p>\n<p style=\"text-align: justify;\">Nous participons cette ann\u00e9e au<span style=\"color: #000000;\"><strong> festival du livre<\/strong> <\/span>(voir affiche) qui se d\u00e9roule du<span style=\"color: #000000;\"> <strong>13 au 17 f\u00e9vrier.<\/strong><\/span><\/p>\n<p style=\"text-align: justify;\">Du roman \u00e0 la BD en passant par le livre documentaire, en fran\u00e7ais, anglais ou n\u00e9erlandais. Bref, il y en a pour tous les go\u00fbts !<\/p>\n<p style=\"text-align: justify;\">Tous les \u00e9l\u00e8ves auront acc\u00e8s aux albums tout au long de la semaine afin de d\u00e9couvrir le plaisir du livre.<\/p>\n<p style=\"text-align: justify;\">Pour vous chers parents,<span style=\"text-decoration: underline;\"> nous serons pr\u00e9sents pour vous accueillir tous les jours d\u00e8s 15h30, afin de visiter notre biblioth\u00e8que \u00e9ph\u00e9m\u00e8re<\/span>.<\/p>\n<p style=\"text-align: justify;\">Si vous souhaitez vous procurer un album, une<strong><span style=\"text-decoration: underline;\"> vente sera organis\u00e9e le lundi 20 et mardi 21 f\u00e9vrier, de 15h30 \u00e0 18h00. <\/span><\/strong><\/p>\n<p>&nbsp;<\/p>\n<p>&nbsp;<\/p>\n<p>&nbsp;<\/p>\n","protected":false},"excerpt":{"rendered":"<p>MERCI \u00c0 TOUS: Gr\u00e2ce \u00e0 votre participation \u00e0 ce festival, chaque classe a pu s&rsquo;\u00e9quiper de quelques nouveaux livres et ainsi compl\u00e9ter sa biblioth\u00e8que.\u00a0 Les \u00e9l\u00e8ves ont pu durant toute cette semaine, d\u00e9couvrir les plaisirs de la lecture, y prendre <a class=\"more-link\" href=\"https:\/\/ecolelibredecourriere.be\/index.php\/2017\/02\/10\/festival-du-livre-dans-notre-ecole\/\">Continuer la lecture <span class=\"screen-reader-text\">  FESTIVAL DU LIVRE DANS NOTRE ECOLE<\/span><span class=\"meta-nav\">&rarr;<\/span><\/a><\/p>\n","protected":false},"author":1,"featured_media":2503,"comment_status":"open","ping_status":"open","sticky":false,"template":"","format":"standard","meta":{"footnotes":""},"categories":[1,40,39],"tags":[],"class_list":["post-2499","post","type-post","status-publish","format-standard","has-post-thumbnail","hentry","category-en-bref","category-maternelle","category-primaire"],"_links":{"self":[{"href":"https:\/\/ecolelibredecourriere.be\/index.php\/wp-json\/wp\/v2\/posts\/2499","targetHints":{"allow":["GET"]}}],"collection":[{"href":"https:\/\/ecolelibredecourriere.be\/index.php\/wp-json\/wp\/v2\/posts"}],"about":[{"href":"https:\/\/ecolelibredecourriere.be\/index.php\/wp-json\/wp\/v2\/types\/post"}],"author":[{"embeddable":true,"href":"https:\/\/ecolelibredecourriere.be\/index.php\/wp-json\/wp\/v2\/users\/1"}],"replies":[{"embeddable":true,"href":"https:\/\/ecolelibredecourriere.be\/index.php\/wp-json\/wp\/v2\/comments?post=2499"}],"version-history":[{"count":6,"href":"https:\/\/ecolelibredecourriere.be\/index.php\/wp-json\/wp\/v2\/posts\/2499\/revisions"}],"predecessor-version":[{"id":2527,"href":"https:\/\/ecolelibredecourriere.be\/index.php\/wp-json\/wp\/v2\/posts\/2499\/revisions\/2527"}],"wp:featuredmedia":[{"embeddable":true,"href":"https:\/\/ecolelibredecourriere.be\/index.php\/wp-json\/wp\/v2\/media\/2503"}],"wp:attachment":[{"href":"https:\/\/ecolelibredecourriere.be\/index.php\/wp-json\/wp\/v2\/media?parent=2499"}],"wp:term":[{"taxonomy":"category","embeddable":true,"href":"https:\/\/ecolelibredecourriere.be\/index.php\/wp-json\/wp\/v2\/categories?post=2499"},{"taxonomy":"post_tag","embeddable":true,"href":"https:\/\/ecolelibredecourriere.be\/index.php\/wp-json\/wp\/v2\/tags?post=2499"}],"curies":[{"name":"wp","href":"https:\/\/api.w.org\/{rel}","templated":true}]}}