{"id":2835,"date":"2017-10-19T06:25:27","date_gmt":"2017-10-19T06:25:27","guid":{"rendered":"http:\/\/ecolelibredecourriere.be\/?p=2835"},"modified":"2017-10-20T06:38:00","modified_gmt":"2017-10-20T06:38:00","slug":"sejour-a-la-ferme-du-chant-doiseaux-1ere-et-2eme-annees","status":"publish","type":"post","link":"https:\/\/ecolelibredecourriere.be\/index.php\/2017\/10\/19\/sejour-a-la-ferme-du-chant-doiseaux-1ere-et-2eme-annees\/","title":{"rendered":"S\u00e9jour \u00e0 la Ferme du Chant d&rsquo;Oiseaux 1\u00e8re et 2\u00e8me ann\u00e9es"},"content":{"rendered":"<p><strong><span style=\"color: #339966;\">Mercredi 18 octobre<\/span><\/strong><\/p>\n<p>Tr\u00e8s belle premi\u00e8re journ\u00e9e.\u00a0\u00a0\u00a0\u00a0\u00a0\u00a0\u00a0\u00a0\u00a0\u00a0\u00a0\u00a0\u00a0\u00a0\u00a0\u00a0\u00a0\u00a0\u00a0\u00a0\u00a0\u00a0\u00a0\u00a0\u00a0\u00a0 <img loading=\"lazy\" decoding=\"async\" class=\"alignleft wp-image-2841\" src=\"http:\/\/ecolelibredecourriere.be\/wp-content\/uploads\/2017\/10\/mercredi-matin-2.jpg\" alt=\"\" width=\"302\" height=\"226\" srcset=\"https:\/\/ecolelibredecourriere.be\/wp-content\/uploads\/2017\/10\/mercredi-matin-2.jpg 2612w, https:\/\/ecolelibredecourriere.be\/wp-content\/uploads\/2017\/10\/mercredi-matin-2-300x225.jpg 300w, https:\/\/ecolelibredecourriere.be\/wp-content\/uploads\/2017\/10\/mercredi-matin-2-768x576.jpg 768w, https:\/\/ecolelibredecourriere.be\/wp-content\/uploads\/2017\/10\/mercredi-matin-2-1024x768.jpg 1024w, https:\/\/ecolelibredecourriere.be\/wp-content\/uploads\/2017\/10\/mercredi-matin-2-1170x877.jpg 1170w\" sizes=\"auto, (max-width: 302px) 100vw, 302px\" \/><\/p>\n<p>Au menu:<\/p>\n<ul>\n<li>du soleil<\/li>\n<li>un parcours \u00ab\u00a0aventure\u00a0\u00bb dans les sous-bois<\/li>\n<li>nourrir les animaux<\/li>\n<li>la fabrication de jus de pommes<\/li>\n<li>du ski de prairie<\/li>\n<li>le souper<\/li>\n<li>les douches<\/li>\n<\/ul>\n<p>A 21h30 tous les enfants dormaient.<\/p>\n<p>&nbsp;<\/p>\n<p>Ce matin, apr\u00e8s une bonne nuit de sommeil, la premi\u00e8re chambre s&rsquo;est r\u00e9veill\u00e9e \u00e0 7h.<\/p>\n<p>&nbsp;<\/p>\n<p><strong><span style=\"color: #339966;\">Jeudi\u00a0 18 octobre<\/span><\/strong><\/p>\n<p><a href=\"http:\/\/ecolelibredecourriere.be\/wp-content\/uploads\/2017\/10\/Le-petit-d\u00e9jeuner-\u00e0-la-ferme.pdf\">Le petit d\u00e9jeuner \u00e0 la ferme<\/a><\/p>\n<p>Les d\u00e9couvertes de la journ\u00e9e:<\/p>\n<p>&nbsp;<\/p>\n<ul>\n<li>Comment fabrique-t-on du sucre \u00e0 partir d&rsquo;une bettrave?\u00a0 Ils ont r\u00e9alis\u00e9 du caramel<\/li>\n<li>A partir du lait , les enfants ont r\u00e9alis\u00e9 du beurre et de la cr\u00e8me fra\u00eeche<\/li>\n<li>D\u00e9couverte du travail des champs et des saisons<\/li>\n<li>Descente en tyrolienne\u00a0 appel\u00e9e\u00a0 aussi \u00ab\u00a0la descente de la mort\u00a0\u00bb&#8230;<\/li>\n<li>Equitation<\/li>\n<\/ul>\n<p>Nos 17 cascadeurs sont en pleine forme.<\/p>\n<p><span style=\"color: #339966;\"><strong>Vendredi 20 octobre\u00a0 (8h00)\u00a0<\/strong><span style=\"color: #000000;\"> La nuit s&rsquo;est tr\u00e8s bien pass\u00e9e.\u00a0 Ici, il ne pleut plus . A tout \u00e0 l&rsquo;heure. <\/span><\/span><img loading=\"lazy\" decoding=\"async\" class=\"alignleft size-full wp-image-2893\" src=\"http:\/\/ecolelibredecourriere.be\/wp-content\/uploads\/2017\/10\/IMG_001122198.jpg\" alt=\"\" width=\"320\" height=\"240\" srcset=\"https:\/\/ecolelibredecourriere.be\/wp-content\/uploads\/2017\/10\/IMG_001122198.jpg 320w, https:\/\/ecolelibredecourriere.be\/wp-content\/uploads\/2017\/10\/IMG_001122198-300x225.jpg 300w\" sizes=\"auto, (max-width: 320px) 100vw, 320px\" \/><\/p>\n<p><img loading=\"lazy\" decoding=\"async\" class=\"alignleft size-full wp-image-2895\" src=\"http:\/\/ecolelibredecourriere.be\/wp-content\/uploads\/2017\/10\/IMG_001722204.jpg\" alt=\"\" width=\"320\" height=\"240\" srcset=\"https:\/\/ecolelibredecourriere.be\/wp-content\/uploads\/2017\/10\/IMG_001722204.jpg 320w, https:\/\/ecolelibredecourriere.be\/wp-content\/uploads\/2017\/10\/IMG_001722204-300x225.jpg 300w\" sizes=\"auto, (max-width: 320px) 100vw, 320px\" \/><img loading=\"lazy\" decoding=\"async\" class=\"alignleft size-full wp-image-2898\" src=\"http:\/\/ecolelibredecourriere.be\/wp-content\/uploads\/2017\/10\/IMG_001322200-1.jpg\" alt=\"\" width=\"320\" height=\"240\" srcset=\"https:\/\/ecolelibredecourriere.be\/wp-content\/uploads\/2017\/10\/IMG_001322200-1.jpg 320w, https:\/\/ecolelibredecourriere.be\/wp-content\/uploads\/2017\/10\/IMG_001322200-1-300x225.jpg 300w\" sizes=\"auto, (max-width: 320px) 100vw, 320px\" \/><img loading=\"lazy\" decoding=\"async\" class=\"alignleft size-full wp-image-2892\" src=\"http:\/\/ecolelibredecourriere.be\/wp-content\/uploads\/2017\/10\/IMG_001422201.jpg\" alt=\"\" width=\"320\" height=\"240\" srcset=\"https:\/\/ecolelibredecourriere.be\/wp-content\/uploads\/2017\/10\/IMG_001422201.jpg 320w, https:\/\/ecolelibredecourriere.be\/wp-content\/uploads\/2017\/10\/IMG_001422201-300x225.jpg 300w\" sizes=\"auto, (max-width: 320px) 100vw, 320px\" \/><\/p>\n","protected":false},"excerpt":{"rendered":"<p>Mercredi 18 octobre Tr\u00e8s belle premi\u00e8re journ\u00e9e.\u00a0\u00a0\u00a0\u00a0\u00a0\u00a0\u00a0\u00a0\u00a0\u00a0\u00a0\u00a0\u00a0\u00a0\u00a0\u00a0\u00a0\u00a0\u00a0\u00a0\u00a0\u00a0\u00a0\u00a0\u00a0\u00a0 Au menu: du soleil un parcours \u00ab\u00a0aventure\u00a0\u00bb dans les sous-bois nourrir les animaux la fabrication de jus de pommes du ski de prairie le souper les douches A 21h30 tous les enfants dormaient. <a class=\"more-link\" href=\"https:\/\/ecolelibredecourriere.be\/index.php\/2017\/10\/19\/sejour-a-la-ferme-du-chant-doiseaux-1ere-et-2eme-annees\/\">Continuer la lecture <span class=\"screen-reader-text\">  S\u00e9jour \u00e0 la Ferme du Chant d&rsquo;Oiseaux 1\u00e8re et 2\u00e8me ann\u00e9es<\/span><span class=\"meta-nav\">&rarr;<\/span><\/a><\/p>\n","protected":false},"author":1,"featured_media":0,"comment_status":"open","ping_status":"open","sticky":false,"template":"","format":"standard","meta":{"footnotes":""},"categories":[1,39],"tags":[],"class_list":["post-2835","post","type-post","status-publish","format-standard","hentry","category-en-bref","category-primaire"],"_links":{"self":[{"href":"https:\/\/ecolelibredecourriere.be\/index.php\/wp-json\/wp\/v2\/posts\/2835","targetHints":{"allow":["GET"]}}],"collection":[{"href":"https:\/\/ecolelibredecourriere.be\/index.php\/wp-json\/wp\/v2\/posts"}],"about":[{"href":"https:\/\/ecolelibredecourriere.be\/index.php\/wp-json\/wp\/v2\/types\/post"}],"author":[{"embeddable":true,"href":"https:\/\/ecolelibredecourriere.be\/index.php\/wp-json\/wp\/v2\/users\/1"}],"replies":[{"embeddable":true,"href":"https:\/\/ecolelibredecourriere.be\/index.php\/wp-json\/wp\/v2\/comments?post=2835"}],"version-history":[{"count":7,"href":"https:\/\/ecolelibredecourriere.be\/index.php\/wp-json\/wp\/v2\/posts\/2835\/revisions"}],"predecessor-version":[{"id":2899,"href":"https:\/\/ecolelibredecourriere.be\/index.php\/wp-json\/wp\/v2\/posts\/2835\/revisions\/2899"}],"wp:attachment":[{"href":"https:\/\/ecolelibredecourriere.be\/index.php\/wp-json\/wp\/v2\/media?parent=2835"}],"wp:term":[{"taxonomy":"category","embeddable":true,"href":"https:\/\/ecolelibredecourriere.be\/index.php\/wp-json\/wp\/v2\/categories?post=2835"},{"taxonomy":"post_tag","embeddable":true,"href":"https:\/\/ecolelibredecourriere.be\/index.php\/wp-json\/wp\/v2\/tags?post=2835"}],"curies":[{"name":"wp","href":"https:\/\/api.w.org\/{rel}","templated":true}]}}