{"id":3553,"date":"2018-09-15T08:28:57","date_gmt":"2018-09-15T08:28:57","guid":{"rendered":"http:\/\/ecolelibredecourriere.be\/?p=3553"},"modified":"2018-09-15T08:34:10","modified_gmt":"2018-09-15T08:34:10","slug":"les-vents-dhouyet-3-animations-autour-de-la-nature-et-de-lenergie-eolienne","status":"publish","type":"post","link":"https:\/\/ecolelibredecourriere.be\/index.php\/2018\/09\/15\/les-vents-dhouyet-3-animations-autour-de-la-nature-et-de-lenergie-eolienne\/","title":{"rendered":"Les Vents d&rsquo;Houyet 3 animations autour de la nature et de l&rsquo;\u00e9nergie \u00e9olienne"},"content":{"rendered":"<p><strong>Lundi 17 septembr<\/strong>e, les enfants de <strong>maternelle<\/strong> passeront la matin\u00e9e <strong>\u00ab\u00a0le petit nez au vent\u00a0\u00bb .<\/strong><\/p>\n<p>Rendez-vous lundi matin \u00e0 l&rsquo;\u00e9cole avec des habits adapt\u00e9s \u00e0 la m\u00e9t\u00e9o pour prendre le car se rendre \u00e0 Mesnil.<\/p>\n<p>Retour \u00e0 12h pour manger \u00e0 l&rsquo;\u00e9cole et poursuivre la journ\u00e9e comme d&rsquo;habitude.<\/p>\n<p><strong>Jeudi 20 septembre<\/strong>, Tous les \u00e9l\u00e8ves de<strong> primaire<\/strong> passeront une journ\u00e9e <strong>\u00ab\u00a0Frivole\u00a0\u00bb <\/strong><\/p>\n<p>D\u00e9part \u00e0 8h45 et retour \u00e0 15h30. Un pic-nis est \u00e0 pr\u00e9voir de m\u00eame que des v\u00eatements adapt\u00e9s.<\/p>\n<p><strong>Vendredi 28 septembre<\/strong>, \u00a0\u00bb Vents d&rsquo;Houyet Acad\u00e9mie \u00a0\u00bb se d\u00e9place \u00e0 l&rsquo;\u00e9cole pour une journ\u00e9e d&rsquo;exp\u00e9rimentation-r\u00e9alisation (\u00e9l\u00e8ves de primaire.)<\/p>\n<p>(Animation offerte par l&rsquo; AP MERCI !)<\/p>\n<p>Vous \u00eates curieux\u00a0 &#8230;&#8230;voici une petite vid\u00e9o qui pr\u00e9sente Les Vents d&rsquo;Houyet Acad\u00e9mie.<\/p>\n<p><iframe loading=\"lazy\" title=\"Animations scolaires et stages nature,environnement,\u00e9nergie \u00e0 Vents d&#039;Houyet Acad\u00e9mie.\" width=\"530\" height=\"298\" src=\"https:\/\/www.youtube.com\/embed\/0p6iM2crY8c?feature=oembed\" frameborder=\"0\" allow=\"accelerometer; autoplay; clipboard-write; encrypted-media; gyroscope; picture-in-picture; web-share\" referrerpolicy=\"strict-origin-when-cross-origin\" allowfullscreen><\/iframe><\/p>\n<p>&nbsp;<\/p>\n<p>&nbsp;<\/p>\n","protected":false},"excerpt":{"rendered":"<p>Lundi 17 septembre, les enfants de maternelle passeront la matin\u00e9e \u00ab\u00a0le petit nez au vent\u00a0\u00bb . Rendez-vous lundi matin \u00e0 l&rsquo;\u00e9cole avec des habits adapt\u00e9s \u00e0 la m\u00e9t\u00e9o pour prendre le car se rendre \u00e0 Mesnil. Retour \u00e0 12h pour <a class=\"more-link\" href=\"https:\/\/ecolelibredecourriere.be\/index.php\/2018\/09\/15\/les-vents-dhouyet-3-animations-autour-de-la-nature-et-de-lenergie-eolienne\/\">Continuer la lecture <span class=\"screen-reader-text\">  Les Vents d&rsquo;Houyet 3 animations autour de la nature et de l&rsquo;\u00e9nergie \u00e9olienne<\/span><span class=\"meta-nav\">&rarr;<\/span><\/a><\/p>\n","protected":false},"author":3,"featured_media":0,"comment_status":"open","ping_status":"open","sticky":false,"template":"","format":"standard","meta":{"footnotes":""},"categories":[1,62],"tags":[],"class_list":["post-3553","post","type-post","status-publish","format-standard","hentry","category-en-bref","category-energie"],"_links":{"self":[{"href":"https:\/\/ecolelibredecourriere.be\/index.php\/wp-json\/wp\/v2\/posts\/3553","targetHints":{"allow":["GET"]}}],"collection":[{"href":"https:\/\/ecolelibredecourriere.be\/index.php\/wp-json\/wp\/v2\/posts"}],"about":[{"href":"https:\/\/ecolelibredecourriere.be\/index.php\/wp-json\/wp\/v2\/types\/post"}],"author":[{"embeddable":true,"href":"https:\/\/ecolelibredecourriere.be\/index.php\/wp-json\/wp\/v2\/users\/3"}],"replies":[{"embeddable":true,"href":"https:\/\/ecolelibredecourriere.be\/index.php\/wp-json\/wp\/v2\/comments?post=3553"}],"version-history":[{"count":3,"href":"https:\/\/ecolelibredecourriere.be\/index.php\/wp-json\/wp\/v2\/posts\/3553\/revisions"}],"predecessor-version":[{"id":3556,"href":"https:\/\/ecolelibredecourriere.be\/index.php\/wp-json\/wp\/v2\/posts\/3553\/revisions\/3556"}],"wp:attachment":[{"href":"https:\/\/ecolelibredecourriere.be\/index.php\/wp-json\/wp\/v2\/media?parent=3553"}],"wp:term":[{"taxonomy":"category","embeddable":true,"href":"https:\/\/ecolelibredecourriere.be\/index.php\/wp-json\/wp\/v2\/categories?post=3553"},{"taxonomy":"post_tag","embeddable":true,"href":"https:\/\/ecolelibredecourriere.be\/index.php\/wp-json\/wp\/v2\/tags?post=3553"}],"curies":[{"name":"wp","href":"https:\/\/api.w.org\/{rel}","templated":true}]}}