{"id":3581,"date":"2018-09-28T16:06:46","date_gmt":"2018-09-28T16:06:46","guid":{"rendered":"http:\/\/ecolelibredecourriere.be\/?p=3581"},"modified":"2018-10-01T08:30:47","modified_gmt":"2018-10-01T08:30:47","slug":"notre-2eme-journee-avec-les-vents-dhouyet","status":"publish","type":"post","link":"https:\/\/ecolelibredecourriere.be\/index.php\/2018\/09\/28\/notre-2eme-journee-avec-les-vents-dhouyet\/","title":{"rendered":"Notre 2\u00e8me journ\u00e9e avec \u00ab\u00a0Les Vents d&rsquo;Houyet\u00a0\u00bb"},"content":{"rendered":"<p><img loading=\"lazy\" decoding=\"async\" class=\" wp-image-3582\" src=\"http:\/\/ecolelibredecourriere.be\/wp-content\/uploads\/2018\/09\/cefs-volants-1-2-300x225.jpg\" alt=\"\" width=\"236\" height=\"177\" srcset=\"https:\/\/ecolelibredecourriere.be\/wp-content\/uploads\/2018\/09\/cefs-volants-1-2-300x225.jpg 300w, https:\/\/ecolelibredecourriere.be\/wp-content\/uploads\/2018\/09\/cefs-volants-1-2-768x576.jpg 768w, https:\/\/ecolelibredecourriere.be\/wp-content\/uploads\/2018\/09\/cefs-volants-1-2-1024x768.jpg 1024w, https:\/\/ecolelibredecourriere.be\/wp-content\/uploads\/2018\/09\/cefs-volants-1-2-1170x878.jpg 1170w\" sizes=\"auto, (max-width: 236px) 100vw, 236px\" \/><\/p>\n<p><img loading=\"lazy\" decoding=\"async\" class=\" wp-image-3583\" src=\"http:\/\/ecolelibredecourriere.be\/wp-content\/uploads\/2018\/09\/cerfs-volants-3-4-300x225.jpg\" alt=\"\" width=\"243\" height=\"182\" srcset=\"https:\/\/ecolelibredecourriere.be\/wp-content\/uploads\/2018\/09\/cerfs-volants-3-4-300x225.jpg 300w, https:\/\/ecolelibredecourriere.be\/wp-content\/uploads\/2018\/09\/cerfs-volants-3-4-768x576.jpg 768w, https:\/\/ecolelibredecourriere.be\/wp-content\/uploads\/2018\/09\/cerfs-volants-3-4-1024x768.jpg 1024w, https:\/\/ecolelibredecourriere.be\/wp-content\/uploads\/2018\/09\/cerfs-volants-3-4-1170x878.jpg 1170w\" sizes=\"auto, (max-width: 243px) 100vw, 243px\" \/><\/p>\n<p>Apr\u00e8s la construction d&rsquo;\u00e9oliennes, nous passons \u00e0 la r\u00e9alisation de cerfs-volants.<\/p>\n","protected":false},"excerpt":{"rendered":"<p>Apr\u00e8s la construction d&rsquo;\u00e9oliennes, nous passons \u00e0 la r\u00e9alisation de cerfs-volants.<\/p>\n","protected":false},"author":3,"featured_media":0,"comment_status":"open","ping_status":"open","sticky":false,"template":"","format":"standard","meta":{"footnotes":""},"categories":[1,62,61],"tags":[],"class_list":["post-3581","post","type-post","status-publish","format-standard","hentry","category-en-bref","category-energie","category-projet-2018-2019"],"_links":{"self":[{"href":"https:\/\/ecolelibredecourriere.be\/index.php\/wp-json\/wp\/v2\/posts\/3581","targetHints":{"allow":["GET"]}}],"collection":[{"href":"https:\/\/ecolelibredecourriere.be\/index.php\/wp-json\/wp\/v2\/posts"}],"about":[{"href":"https:\/\/ecolelibredecourriere.be\/index.php\/wp-json\/wp\/v2\/types\/post"}],"author":[{"embeddable":true,"href":"https:\/\/ecolelibredecourriere.be\/index.php\/wp-json\/wp\/v2\/users\/3"}],"replies":[{"embeddable":true,"href":"https:\/\/ecolelibredecourriere.be\/index.php\/wp-json\/wp\/v2\/comments?post=3581"}],"version-history":[{"count":1,"href":"https:\/\/ecolelibredecourriere.be\/index.php\/wp-json\/wp\/v2\/posts\/3581\/revisions"}],"predecessor-version":[{"id":3584,"href":"https:\/\/ecolelibredecourriere.be\/index.php\/wp-json\/wp\/v2\/posts\/3581\/revisions\/3584"}],"wp:attachment":[{"href":"https:\/\/ecolelibredecourriere.be\/index.php\/wp-json\/wp\/v2\/media?parent=3581"}],"wp:term":[{"taxonomy":"category","embeddable":true,"href":"https:\/\/ecolelibredecourriere.be\/index.php\/wp-json\/wp\/v2\/categories?post=3581"},{"taxonomy":"post_tag","embeddable":true,"href":"https:\/\/ecolelibredecourriere.be\/index.php\/wp-json\/wp\/v2\/tags?post=3581"}],"curies":[{"name":"wp","href":"https:\/\/api.w.org\/{rel}","templated":true}]}}