{"id":3617,"date":"2018-11-12T16:16:19","date_gmt":"2018-11-12T16:16:19","guid":{"rendered":"http:\/\/ecolelibredecourriere.be\/?p=3617"},"modified":"2018-11-12T16:16:19","modified_gmt":"2018-11-12T16:16:19","slug":"recherche-dartisans-createurs-pour-le-marche-de-noel","status":"publish","type":"post","link":"https:\/\/ecolelibredecourriere.be\/index.php\/2018\/11\/12\/recherche-dartisans-createurs-pour-le-marche-de-noel\/","title":{"rendered":"Recherche d&rsquo;artisans \/ cr\u00e9ateurs pour le march\u00e9 de No\u00ebl"},"content":{"rendered":"<p>Concerne : Communication concernant le march\u00e9 de No\u00ebl et RECHERCHE D\u2019ARTISANS\/CR\u00c9ATEURS<\/p>\n<p>Chers parents,<\/p>\n<p>Comme vous le savez d\u00e9j\u00e0, le traditionnel march\u00e9 de No\u00ebl de l\u2019\u00e9cole se tiendra le vendredi 14 d\u00e9cembre prochain, d\u00e8s 17 h. Ce sera pour vous l\u2019occasion d\u2019assister au concert de vos enfants, mais aussi de d\u00e9nicher quelques articles de d\u00e9coration et id\u00e9es cadeau, autour d\u2019un verre de vin chaud, de chocolat chaud ou de bi\u00e8re de No\u00ebl. Une petite restauration est \u00e9galement pr\u00e9vue.<\/p>\n<p>L\u2019Association des parents cherche donc des artisans et cr\u00e9ateurs d\u00e9sireux de venir exposer le 17 novembre prochain.<\/p>\n<p>Peut-\u00eatre vous ? Ou quelqu\u2019un de votre entourage ?<\/p>\n<p>Le prix de la table est fix\u00e9 \u00e0 10 euros. Nous serions heureux de d\u00e9couvrir vos talents ! Si vous ne vous sentez pas directement concern\u00e9(e), n\u2019h\u00e9sitez pas \u00e0 nous faire part de vos id\u00e9es et, bien entendu, \u00e0 faire passer le message, notamment en parlant de cet \u00e9v\u00e8nement autour de vous et sur vos r\u00e9seaux sociaux.<\/p>\n<p>Cette \u00ab publicit\u00e9 \u00bb est aussi pr\u00e9cieuse que porteuse !<\/p>\n<p>Renseignements et inscriptions : 0478775477 (par SMS uniquement). Nous vous remercions d\u2019avance pour votre soutien et nous r\u00e9jouissons de passer ce moment avec vous !<\/p>\n<p>Bien \u00e0 vous,<\/p>\n<p>L\u2019Association de Parents de l\u2019\u00c9cole libre de Courri\u00e8re<\/p>\n","protected":false},"excerpt":{"rendered":"<p>Concerne : Communication concernant le march\u00e9 de No\u00ebl et RECHERCHE D\u2019ARTISANS\/CR\u00c9ATEURS Chers parents, Comme vous le savez d\u00e9j\u00e0, le traditionnel march\u00e9 de No\u00ebl de l\u2019\u00e9cole se tiendra le vendredi 14 d\u00e9cembre prochain, d\u00e8s 17 h. Ce sera pour vous l\u2019occasion <a class=\"more-link\" href=\"https:\/\/ecolelibredecourriere.be\/index.php\/2018\/11\/12\/recherche-dartisans-createurs-pour-le-marche-de-noel\/\">Continuer la lecture <span class=\"screen-reader-text\">  Recherche d&rsquo;artisans \/ cr\u00e9ateurs pour le march\u00e9 de No\u00ebl<\/span><span class=\"meta-nav\">&rarr;<\/span><\/a><\/p>\n","protected":false},"author":3,"featured_media":0,"comment_status":"open","ping_status":"open","sticky":false,"template":"","format":"standard","meta":{"footnotes":""},"categories":[1,58,42],"tags":[],"class_list":["post-3617","post","type-post","status-publish","format-standard","hentry","category-en-bref","category-en-general","category-festivites"],"_links":{"self":[{"href":"https:\/\/ecolelibredecourriere.be\/index.php\/wp-json\/wp\/v2\/posts\/3617","targetHints":{"allow":["GET"]}}],"collection":[{"href":"https:\/\/ecolelibredecourriere.be\/index.php\/wp-json\/wp\/v2\/posts"}],"about":[{"href":"https:\/\/ecolelibredecourriere.be\/index.php\/wp-json\/wp\/v2\/types\/post"}],"author":[{"embeddable":true,"href":"https:\/\/ecolelibredecourriere.be\/index.php\/wp-json\/wp\/v2\/users\/3"}],"replies":[{"embeddable":true,"href":"https:\/\/ecolelibredecourriere.be\/index.php\/wp-json\/wp\/v2\/comments?post=3617"}],"version-history":[{"count":1,"href":"https:\/\/ecolelibredecourriere.be\/index.php\/wp-json\/wp\/v2\/posts\/3617\/revisions"}],"predecessor-version":[{"id":3618,"href":"https:\/\/ecolelibredecourriere.be\/index.php\/wp-json\/wp\/v2\/posts\/3617\/revisions\/3618"}],"wp:attachment":[{"href":"https:\/\/ecolelibredecourriere.be\/index.php\/wp-json\/wp\/v2\/media?parent=3617"}],"wp:term":[{"taxonomy":"category","embeddable":true,"href":"https:\/\/ecolelibredecourriere.be\/index.php\/wp-json\/wp\/v2\/categories?post=3617"},{"taxonomy":"post_tag","embeddable":true,"href":"https:\/\/ecolelibredecourriere.be\/index.php\/wp-json\/wp\/v2\/tags?post=3617"}],"curies":[{"name":"wp","href":"https:\/\/api.w.org\/{rel}","templated":true}]}}