{"id":3635,"date":"2018-11-25T17:05:02","date_gmt":"2018-11-25T17:05:02","guid":{"rendered":"http:\/\/ecolelibredecourriere.be\/?p=3635"},"modified":"2018-11-25T17:05:02","modified_gmt":"2018-11-25T17:05:02","slug":"marche-de-noel-et-concert-des-enfants-vendredi-14-decembre-a-partir-de-17h","status":"publish","type":"post","link":"https:\/\/ecolelibredecourriere.be\/index.php\/2018\/11\/25\/marche-de-noel-et-concert-des-enfants-vendredi-14-decembre-a-partir-de-17h\/","title":{"rendered":"March\u00e9 de No\u00ebl et concert des enfants vendredi 14 d\u00e9cembre \u00e0 partir de 17h."},"content":{"rendered":"<p><img loading=\"lazy\" decoding=\"async\" class=\"wp-image-3636 aligncenter\" src=\"http:\/\/ecolelibredecourriere.be\/wp-content\/uploads\/2018\/11\/Affiche-Marche-de-Noel-20165209-300x300.jpg\" alt=\"\" width=\"392\" height=\"392\" srcset=\"https:\/\/ecolelibredecourriere.be\/wp-content\/uploads\/2018\/11\/Affiche-Marche-de-Noel-20165209-300x300.jpg 300w, https:\/\/ecolelibredecourriere.be\/wp-content\/uploads\/2018\/11\/Affiche-Marche-de-Noel-20165209-150x150.jpg 150w\" sizes=\"auto, (max-width: 392px) 100vw, 392px\" \/><\/p>\n","protected":false},"excerpt":{"rendered":"","protected":false},"author":3,"featured_media":0,"comment_status":"open","ping_status":"open","sticky":false,"template":"","format":"standard","meta":{"footnotes":""},"categories":[1],"tags":[],"class_list":["post-3635","post","type-post","status-publish","format-standard","hentry","category-en-bref"],"_links":{"self":[{"href":"https:\/\/ecolelibredecourriere.be\/index.php\/wp-json\/wp\/v2\/posts\/3635","targetHints":{"allow":["GET"]}}],"collection":[{"href":"https:\/\/ecolelibredecourriere.be\/index.php\/wp-json\/wp\/v2\/posts"}],"about":[{"href":"https:\/\/ecolelibredecourriere.be\/index.php\/wp-json\/wp\/v2\/types\/post"}],"author":[{"embeddable":true,"href":"https:\/\/ecolelibredecourriere.be\/index.php\/wp-json\/wp\/v2\/users\/3"}],"replies":[{"embeddable":true,"href":"https:\/\/ecolelibredecourriere.be\/index.php\/wp-json\/wp\/v2\/comments?post=3635"}],"version-history":[{"count":1,"href":"https:\/\/ecolelibredecourriere.be\/index.php\/wp-json\/wp\/v2\/posts\/3635\/revisions"}],"predecessor-version":[{"id":3637,"href":"https:\/\/ecolelibredecourriere.be\/index.php\/wp-json\/wp\/v2\/posts\/3635\/revisions\/3637"}],"wp:attachment":[{"href":"https:\/\/ecolelibredecourriere.be\/index.php\/wp-json\/wp\/v2\/media?parent=3635"}],"wp:term":[{"taxonomy":"category","embeddable":true,"href":"https:\/\/ecolelibredecourriere.be\/index.php\/wp-json\/wp\/v2\/categories?post=3635"},{"taxonomy":"post_tag","embeddable":true,"href":"https:\/\/ecolelibredecourriere.be\/index.php\/wp-json\/wp\/v2\/tags?post=3635"}],"curies":[{"name":"wp","href":"https:\/\/api.w.org\/{rel}","templated":true}]}}