{"id":3696,"date":"2019-03-06T09:50:08","date_gmt":"2019-03-06T09:50:08","guid":{"rendered":"http:\/\/ecolelibredecourriere.be\/?p=3696"},"modified":"2019-03-06T09:50:08","modified_gmt":"2019-03-06T09:50:08","slug":"invitation-le-printemps-des-sciences-2019-namur-du-25-au-31-mars","status":"publish","type":"post","link":"https:\/\/ecolelibredecourriere.be\/index.php\/2019\/03\/06\/invitation-le-printemps-des-sciences-2019-namur-du-25-au-31-mars\/","title":{"rendered":"Invitation: Le Printemps des Sciences 2019 Namur du 25 au 31 mars"},"content":{"rendered":"<h4><strong><img decoding=\"async\" class=\"aligncenter\" title=\"UNamur - PDS\" src=\"https:\/\/pds.unamur.be\/@@site-logo\/Logo site PDS 2019.png\" alt=\"UNamur - PDS\" \/><\/strong><\/h4>\n<h4><strong>En tant que vitrine de la culture scientifique de l&rsquo;<a href=\"http:\/\/www.unamur.be\" target=\"_blank\" rel=\"noopener noreferrer\" data-linktype=\"external\" data-val=\"http:\/\/www.unamur.be\">Universit\u00e9 de Namur<\/a>, <\/strong><\/h4>\n<h4><strong>le Confluent des Savoirs emplit pleinement son r\u00f4le de m\u00e9diation scientifique.<\/strong><\/h4>\n<p>Situ\u00e9 en plein c\u0153ur de la capitale wallonne, ce service institutionnel rapproche l&rsquo;Universit\u00e9 de ses concitoyens. Sa mission principale est de promouvoir les sciences et de partager les savoirs des 6 facult\u00e9s namuroises aupr\u00e8s des \u00e9l\u00e8ves, des enseignants, des familles et des curieux.<\/p>\n<p>Pendant la semaine du <a href=\"https:\/\/pds.unamur.be\/a-propos\" data-val=\"5645e45b1a4f4b808e9e8e1de013551f\" data-linktype=\"internal\"><strong>Printemps des Sciences<\/strong><\/a>, une foule d\u2019activit\u00e9s vous attend : ateliers, spectacles, expositions, visites de laboratoires, jeux enqu\u00eates, conf\u00e9rences, cin\u00e9-d\u00e9bats, rencontres avec des chercheurs, &#8230; Toutes ces animations <strong>gratuites<\/strong> vous permettront de vous faire une autre id\u00e9e des sciences.<\/p>\n<p>Le PDS 2019 \u00e0 Namur sera aussi l\u2019occasion de d\u00e9couvrir le <a href=\"http:\/\/mt180.be\" target=\"_blank\" rel=\"noopener noreferrer\" data-linktype=\"external\" data-val=\"http:\/\/mt180.be\"><strong>Concours MT180<\/strong><\/a> et <a href=\"http:\/\/www.lodysseedelobjet.be\/\" data-linktype=\"external\" data-val=\"http:\/\/www.lodysseedelobjet.be\/\"><strong>l&rsquo;Odyss\u00e9e de l&rsquo;Objet<\/strong><\/a><strong>.\u00a0<\/strong><\/p>\n<p><a href=\"https:\/\/pds.unamur.be\/grandpublic\/agenda\">https:\/\/pds.unamur.be\/grandpublic\/agenda<\/a><\/p>\n","protected":false},"excerpt":{"rendered":"<p>En tant que vitrine de la culture scientifique de l&rsquo;Universit\u00e9 de Namur, le Confluent des Savoirs emplit pleinement son r\u00f4le de m\u00e9diation scientifique. Situ\u00e9 en plein c\u0153ur de la capitale wallonne, ce service institutionnel rapproche l&rsquo;Universit\u00e9 de ses concitoyens. Sa <a class=\"more-link\" href=\"https:\/\/ecolelibredecourriere.be\/index.php\/2019\/03\/06\/invitation-le-printemps-des-sciences-2019-namur-du-25-au-31-mars\/\">Continuer la lecture <span class=\"screen-reader-text\">  Invitation: Le Printemps des Sciences 2019 Namur du 25 au 31 mars<\/span><span class=\"meta-nav\">&rarr;<\/span><\/a><\/p>\n","protected":false},"author":3,"featured_media":0,"comment_status":"open","ping_status":"open","sticky":false,"template":"","format":"standard","meta":{"footnotes":""},"categories":[1],"tags":[],"class_list":["post-3696","post","type-post","status-publish","format-standard","hentry","category-en-bref"],"_links":{"self":[{"href":"https:\/\/ecolelibredecourriere.be\/index.php\/wp-json\/wp\/v2\/posts\/3696","targetHints":{"allow":["GET"]}}],"collection":[{"href":"https:\/\/ecolelibredecourriere.be\/index.php\/wp-json\/wp\/v2\/posts"}],"about":[{"href":"https:\/\/ecolelibredecourriere.be\/index.php\/wp-json\/wp\/v2\/types\/post"}],"author":[{"embeddable":true,"href":"https:\/\/ecolelibredecourriere.be\/index.php\/wp-json\/wp\/v2\/users\/3"}],"replies":[{"embeddable":true,"href":"https:\/\/ecolelibredecourriere.be\/index.php\/wp-json\/wp\/v2\/comments?post=3696"}],"version-history":[{"count":1,"href":"https:\/\/ecolelibredecourriere.be\/index.php\/wp-json\/wp\/v2\/posts\/3696\/revisions"}],"predecessor-version":[{"id":3697,"href":"https:\/\/ecolelibredecourriere.be\/index.php\/wp-json\/wp\/v2\/posts\/3696\/revisions\/3697"}],"wp:attachment":[{"href":"https:\/\/ecolelibredecourriere.be\/index.php\/wp-json\/wp\/v2\/media?parent=3696"}],"wp:term":[{"taxonomy":"category","embeddable":true,"href":"https:\/\/ecolelibredecourriere.be\/index.php\/wp-json\/wp\/v2\/categories?post=3696"},{"taxonomy":"post_tag","embeddable":true,"href":"https:\/\/ecolelibredecourriere.be\/index.php\/wp-json\/wp\/v2\/tags?post=3696"}],"curies":[{"name":"wp","href":"https:\/\/api.w.org\/{rel}","templated":true}]}}