{"id":3892,"date":"2019-08-29T08:55:19","date_gmt":"2019-08-29T08:55:19","guid":{"rendered":"http:\/\/ecolelibredecourriere.be\/?p=3892"},"modified":"2019-08-29T10:20:00","modified_gmt":"2019-08-29T10:20:00","slug":"ptit-dejeuner-de-rentree-a-partir-de-8h15","status":"publish","type":"post","link":"https:\/\/ecolelibredecourriere.be\/index.php\/2019\/08\/29\/ptit-dejeuner-de-rentree-a-partir-de-8h15\/","title":{"rendered":"P&rsquo;tit d\u00e9jeuner de rentr\u00e9e \u00e0 partir de 8h15"},"content":{"rendered":"<p>&nbsp;<\/p>\n<p><img loading=\"lazy\" decoding=\"async\" class=\"alignnone size-medium wp-image-3897\" src=\"http:\/\/ecolelibredecourriere.be\/wp-content\/uploads\/2019\/08\/69401005_10220646896064553_7587661431827333120_n-300x150.jpg\" alt=\"\" width=\"300\" height=\"150\" srcset=\"https:\/\/ecolelibredecourriere.be\/wp-content\/uploads\/2019\/08\/69401005_10220646896064553_7587661431827333120_n-300x150.jpg 300w, https:\/\/ecolelibredecourriere.be\/wp-content\/uploads\/2019\/08\/69401005_10220646896064553_7587661431827333120_n.jpg 480w\" sizes=\"auto, (max-width: 300px) 100vw, 300px\" \/><\/p>\n<p>L&rsquo;AP de l&rsquo;\u00c9cole libre de Courri\u00e8re est heureuse de convier les \u00e9l\u00e8ves, leurs parents\/grands-parents ainsi que les enseignantes au traditionnel petit-d\u00e9jeuner de rentr\u00e9e qui se tiendra dans la cour de l&rsquo;\u00e9cole. Venez faire le plein de bonne humeur et de vitamines pour aborder la rentr\u00e9e dans les meilleures conditions ! Ce sera \u00e9galement l&rsquo;occasion de d\u00e9couvrir la classe r\u00e9nov\u00e9e des maternelles, mais aussi les\u00a0 nouvelles classes flexibles de primaire, avec quelques nouveaut\u00e9s et surprises \u00e0 la cl\u00e9 ! C&rsquo;est bien entendu gratuit et d\u00e8s 8h15, qu&rsquo;on se le dise !<\/p>\n","protected":false},"excerpt":{"rendered":"<p>&nbsp; L&rsquo;AP de l&rsquo;\u00c9cole libre de Courri\u00e8re est heureuse de convier les \u00e9l\u00e8ves, leurs parents\/grands-parents ainsi que les enseignantes au traditionnel petit-d\u00e9jeuner de rentr\u00e9e qui se tiendra dans la cour de l&rsquo;\u00e9cole. Venez faire le plein de bonne humeur et <a class=\"more-link\" href=\"https:\/\/ecolelibredecourriere.be\/index.php\/2019\/08\/29\/ptit-dejeuner-de-rentree-a-partir-de-8h15\/\">Continuer la lecture <span class=\"screen-reader-text\">  P&rsquo;tit d\u00e9jeuner de rentr\u00e9e \u00e0 partir de 8h15<\/span><span class=\"meta-nav\">&rarr;<\/span><\/a><\/p>\n","protected":false},"author":3,"featured_media":0,"comment_status":"open","ping_status":"open","sticky":false,"template":"","format":"standard","meta":{"footnotes":""},"categories":[1,58],"tags":[],"class_list":["post-3892","post","type-post","status-publish","format-standard","hentry","category-en-bref","category-en-general"],"_links":{"self":[{"href":"https:\/\/ecolelibredecourriere.be\/index.php\/wp-json\/wp\/v2\/posts\/3892","targetHints":{"allow":["GET"]}}],"collection":[{"href":"https:\/\/ecolelibredecourriere.be\/index.php\/wp-json\/wp\/v2\/posts"}],"about":[{"href":"https:\/\/ecolelibredecourriere.be\/index.php\/wp-json\/wp\/v2\/types\/post"}],"author":[{"embeddable":true,"href":"https:\/\/ecolelibredecourriere.be\/index.php\/wp-json\/wp\/v2\/users\/3"}],"replies":[{"embeddable":true,"href":"https:\/\/ecolelibredecourriere.be\/index.php\/wp-json\/wp\/v2\/comments?post=3892"}],"version-history":[{"count":3,"href":"https:\/\/ecolelibredecourriere.be\/index.php\/wp-json\/wp\/v2\/posts\/3892\/revisions"}],"predecessor-version":[{"id":3898,"href":"https:\/\/ecolelibredecourriere.be\/index.php\/wp-json\/wp\/v2\/posts\/3892\/revisions\/3898"}],"wp:attachment":[{"href":"https:\/\/ecolelibredecourriere.be\/index.php\/wp-json\/wp\/v2\/media?parent=3892"}],"wp:term":[{"taxonomy":"category","embeddable":true,"href":"https:\/\/ecolelibredecourriere.be\/index.php\/wp-json\/wp\/v2\/categories?post=3892"},{"taxonomy":"post_tag","embeddable":true,"href":"https:\/\/ecolelibredecourriere.be\/index.php\/wp-json\/wp\/v2\/tags?post=3892"}],"curies":[{"name":"wp","href":"https:\/\/api.w.org\/{rel}","templated":true}]}}