{"id":4022,"date":"2020-01-08T14:34:48","date_gmt":"2020-01-08T14:34:48","guid":{"rendered":"http:\/\/ecolelibredecourriere.be\/?p=4022"},"modified":"2020-01-08T14:37:26","modified_gmt":"2020-01-08T14:37:26","slug":"agenda-de-janvier-et-fevrier-2020","status":"publish","type":"post","link":"https:\/\/ecolelibredecourriere.be\/index.php\/2020\/01\/08\/agenda-de-janvier-et-fevrier-2020\/","title":{"rendered":"Agenda de janvier et f\u00e9vrier 2020"},"content":{"rendered":"<div class=\"aju\">\n<div class=\"aCi\"><\/div>\n<\/div>\n<p>&nbsp;<\/p>\n<table class=\"cf gJ\" style=\"width: 976.8px; height: 61px;\" cellpadding=\"0\">\n<tbody>\n<tr class=\"acZ xD\" style=\"height: 50.8px;\">\n<td style=\"width: 30.8px; height: 50.8px;\" colspan=\"3\"><\/td>\n<\/tr>\n<\/tbody>\n<\/table>\n<div id=\":14a\">\n<div class=\"qQVYZb\"><\/div>\n<\/div>\n<div class=\"\">\n<div id=\":14c\" class=\"ii gt\">\n<div id=\":14b\" class=\"a3s aXjCH \">\n<div dir=\"ltr\">\n<div><span style=\"color: #0000ff;\">MEILLEURS V\u0152UX 2020 \u00e0 toutes et \u00e0 tous<\/span><\/div>\n<div><\/div>\n<div><span style=\"color: #339966;\"><em>\u00a0Bienvenue au\u00a0 petit fr\u00e8re d&rsquo;Antoine n\u00e9 le 27 d\u00e9cembre et \u00e0 la\u00a0 petite s\u0153ur de Noah et Lucas, n\u00e9e ce matin.<\/em><\/span><\/div>\n<div><span style=\"color: #339966;\"><em>F\u00e9licitations aux parents et aux grands fr\u00e8res.<\/em><\/span><\/div>\n<div><\/div>\n<div><\/div>\n<div>Ce d\u00e9but d&rsquo;ann\u00e9e commence sur les chapeaux de roues.<\/div>\n<div>Voici plut\u00f4t le programme de ces 2 prochains mois.<\/div>\n<div><\/div>\n<div>\n<ul>\n<li>L 6 janvier: Retour de Madame Myriam mais absence de Mme Lucie pour 2 semaines. Heureusement Madame No\u00e9line \u00e9tait encore disponible et les enfants ne sont pas trop perturb\u00e9s.<\/li>\n<\/ul>\n<\/div>\n<div>\n<ul>\n<li>M 7 janvier:\u00a0 D\u00e9marrage des ateliers philo pour les P5\/6 en collaboration avec la biblioth\u00e8que d&rsquo;Assesse + 2 animations les jeudis en classe<\/li>\n<\/ul>\n<\/div>\n<div>\n<ul>\n<li>Me 8 janvier : D\u00e9but du retrait des formulaires uniques d&rsquo;inscription pour les P6<\/li>\n<\/ul>\n<\/div>\n<div>\n<ul>\n<li>V10 janvier: Mme Pr\u00e9sence et Mme V\u00e9ronique, repr\u00e9sentantes de la COPP (dans le cadre du plan de pilotage), seront absentes la matin\u00e9e et seront remplac\u00e9es par Mme Ga\u00ebtane, M. Benjamin et Mme B\u00e9n\u00e9dicte<\/li>\n<\/ul>\n<\/div>\n<div>\n<ul>\n<li>M 14 janvier : En primaire, lancement de la collaboration avec LA SPIRALE et r\u00e9alisation d&rsquo;une \u0153uvre collective pour l&rsquo;\u00e9cole, dans chaque classe, avec l&rsquo;aide de l&rsquo;artiste Dimitri Pichelle (plus d&rsquo;infos prochainement)<\/li>\n<\/ul>\n<\/div>\n<div>\n<ul>\n<li>V 17 janvier : Animation MEDENAM ( Initiation \u00e0 la gestion de l&rsquo;argent) pour les P5<\/li>\n<\/ul>\n<\/div>\n<div>\n<ul>\n<li>L 20 janvier: Savoir parler en maternelle\u00a0 Observation<\/li>\n<\/ul>\n<\/div>\n<div>\n<ul>\n<li>M 21 janvier : ART avec La Spirale<\/li>\n<\/ul>\n<\/div>\n<div>\n<ul>\n<li>20-24 janvier: Festival du livre : acc\u00e8s aux livres pour tous les enfants de l&rsquo;\u00e9cole<\/li>\n<\/ul>\n<ul>\n<li>V 24 janvier : Fin du retrait des formulaires uniques d&rsquo;inscription en 1\u00e8re secondaire (pour les P6)<\/li>\n<\/ul>\n<ul>\n<li>Me 29 janvier: Animation MEDENAM ( Initiation \u00e0 la gestion de l&rsquo;argent) pour les P6<\/li>\n<\/ul>\n<\/div>\n<div>\n<ul>\n<li>29 au 31 janvier: Absence de Mme Demarteau\u00a0 (S\u00e9minaire des directions)<\/li>\n<\/ul>\n<\/div>\n<div>\n<ul>\n<li>V 31 janvier : Th\u00e9\u00e2tre des P5-6<\/li>\n<\/ul>\n<\/div>\n<div>\n<ul>\n<li>M 4 f\u00e9vrier: ART avec La Spirale<\/li>\n<\/ul>\n<\/div>\n<div>\n<ul>\n<li>J 6 f\u00e9vrier : Conf\u00e9rence UNIQUEMENT pour les maternelles (d\u00e9but du Tronc commun) et journ\u00e9e sportive en primaire<\/li>\n<\/ul>\n<\/div>\n<div>\n<ul>\n<li>M 11 f\u00e9vrier: ART avec La Spirale<\/li>\n<\/ul>\n<\/div>\n<div>\n<ul>\n<li>L 17 f\u00e9vrier: Journ\u00e9e sportive pour les maternelles<\/li>\n<li>M 18 f\u00e9vrier : ART avec la Spirale<\/li>\n<\/ul>\n<\/div>\n<div>\n<ul>\n<li>L17- M18 f\u00e9vier: Stagiaires\/int\u00e9rimaires en P1-2 et en P3-4 (COPP et plan de pilotage)<\/li>\n<\/ul>\n<ul>\n<li>19 au 21 f\u00e9vrier: Vincent (stagiaire) vient assister Mme Myriam<\/li>\n<\/ul>\n<\/div>\n<div>\n<ul>\n<li>21 f\u00e9vrier: CARNAVAL<\/li>\n<\/ul>\n<\/div>\n<div>\n<ul>\n<li>24 au 28 f\u00e9vrier: Cong\u00e9<\/li>\n<\/ul>\n<div>Des informations compl\u00e9mentaires vous parviendront\u00a0 dans les prochains jours concernant le projet ART et le Festival du livre.<\/div>\n<div><\/div>\n<\/div>\n<\/div>\n<\/div>\n<\/div>\n<\/div>\n","protected":false},"excerpt":{"rendered":"<p>&nbsp; MEILLEURS V\u0152UX 2020 \u00e0 toutes et \u00e0 tous \u00a0Bienvenue au\u00a0 petit fr\u00e8re d&rsquo;Antoine n\u00e9 le 27 d\u00e9cembre et \u00e0 la\u00a0 petite s\u0153ur de Noah et Lucas, n\u00e9e ce matin. F\u00e9licitations aux parents et aux grands fr\u00e8res. Ce d\u00e9but d&rsquo;ann\u00e9e <a class=\"more-link\" href=\"https:\/\/ecolelibredecourriere.be\/index.php\/2020\/01\/08\/agenda-de-janvier-et-fevrier-2020\/\">Continuer la lecture <span class=\"screen-reader-text\">  Agenda de janvier et f\u00e9vrier 2020<\/span><span class=\"meta-nav\">&rarr;<\/span><\/a><\/p>\n","protected":false},"author":3,"featured_media":0,"comment_status":"open","ping_status":"open","sticky":false,"template":"","format":"standard","meta":{"footnotes":""},"categories":[1,58],"tags":[],"class_list":["post-4022","post","type-post","status-publish","format-standard","hentry","category-en-bref","category-en-general"],"_links":{"self":[{"href":"https:\/\/ecolelibredecourriere.be\/index.php\/wp-json\/wp\/v2\/posts\/4022","targetHints":{"allow":["GET"]}}],"collection":[{"href":"https:\/\/ecolelibredecourriere.be\/index.php\/wp-json\/wp\/v2\/posts"}],"about":[{"href":"https:\/\/ecolelibredecourriere.be\/index.php\/wp-json\/wp\/v2\/types\/post"}],"author":[{"embeddable":true,"href":"https:\/\/ecolelibredecourriere.be\/index.php\/wp-json\/wp\/v2\/users\/3"}],"replies":[{"embeddable":true,"href":"https:\/\/ecolelibredecourriere.be\/index.php\/wp-json\/wp\/v2\/comments?post=4022"}],"version-history":[{"count":3,"href":"https:\/\/ecolelibredecourriere.be\/index.php\/wp-json\/wp\/v2\/posts\/4022\/revisions"}],"predecessor-version":[{"id":4025,"href":"https:\/\/ecolelibredecourriere.be\/index.php\/wp-json\/wp\/v2\/posts\/4022\/revisions\/4025"}],"wp:attachment":[{"href":"https:\/\/ecolelibredecourriere.be\/index.php\/wp-json\/wp\/v2\/media?parent=4022"}],"wp:term":[{"taxonomy":"category","embeddable":true,"href":"https:\/\/ecolelibredecourriere.be\/index.php\/wp-json\/wp\/v2\/categories?post=4022"},{"taxonomy":"post_tag","embeddable":true,"href":"https:\/\/ecolelibredecourriere.be\/index.php\/wp-json\/wp\/v2\/tags?post=4022"}],"curies":[{"name":"wp","href":"https:\/\/api.w.org\/{rel}","templated":true}]}}