{"id":4050,"date":"2020-01-16T16:09:39","date_gmt":"2020-01-16T16:09:39","guid":{"rendered":"http:\/\/ecolelibredecourriere.be\/?p=4050"},"modified":"2020-01-16T16:09:39","modified_gmt":"2020-01-16T16:09:39","slug":"le-festival-du-livre-2020-cest-parti","status":"publish","type":"post","link":"https:\/\/ecolelibredecourriere.be\/index.php\/2020\/01\/16\/le-festival-du-livre-2020-cest-parti\/","title":{"rendered":"Le Festival du livre 2020&#8230;&#8230;. c&rsquo;est parti!"},"content":{"rendered":"<figure id=\"attachment_4051\" aria-describedby=\"caption-attachment-4051\" style=\"width: 415px\" class=\"wp-caption alignnone\"><img loading=\"lazy\" decoding=\"async\" class=\"wp-image-4051\" src=\"http:\/\/ecolelibredecourriere.be\/wp-content\/uploads\/2020\/01\/IMG_20200116_125652-COLLAGE-300x300.jpg\" alt=\"Pendant les r\u00e9cr\u00e9ations les enfants peuvent se plonger dans ces nouveaux livres bien install\u00e9s dans le couloir des P1-P2\" width=\"415\" height=\"415\" srcset=\"https:\/\/ecolelibredecourriere.be\/wp-content\/uploads\/2020\/01\/IMG_20200116_125652-COLLAGE-300x300.jpg 300w, https:\/\/ecolelibredecourriere.be\/wp-content\/uploads\/2020\/01\/IMG_20200116_125652-COLLAGE-150x150.jpg 150w, https:\/\/ecolelibredecourriere.be\/wp-content\/uploads\/2020\/01\/IMG_20200116_125652-COLLAGE-768x768.jpg 768w, https:\/\/ecolelibredecourriere.be\/wp-content\/uploads\/2020\/01\/IMG_20200116_125652-COLLAGE.jpg 910w\" sizes=\"auto, (max-width: 415px) 100vw, 415px\" \/><figcaption id=\"caption-attachment-4051\" class=\"wp-caption-text\">Pendant 10 jours, libre acc\u00e8s \u00e0 plein de nouveaux livres. Pour tous les \u00e2ges et tous les go\u00fbts.<\/figcaption><\/figure>\n","protected":false},"excerpt":{"rendered":"","protected":false},"author":3,"featured_media":0,"comment_status":"open","ping_status":"open","sticky":false,"template":"","format":"standard","meta":{"footnotes":""},"categories":[1,58,40,39],"tags":[],"class_list":["post-4050","post","type-post","status-publish","format-standard","hentry","category-en-bref","category-en-general","category-maternelle","category-primaire"],"_links":{"self":[{"href":"https:\/\/ecolelibredecourriere.be\/index.php\/wp-json\/wp\/v2\/posts\/4050","targetHints":{"allow":["GET"]}}],"collection":[{"href":"https:\/\/ecolelibredecourriere.be\/index.php\/wp-json\/wp\/v2\/posts"}],"about":[{"href":"https:\/\/ecolelibredecourriere.be\/index.php\/wp-json\/wp\/v2\/types\/post"}],"author":[{"embeddable":true,"href":"https:\/\/ecolelibredecourriere.be\/index.php\/wp-json\/wp\/v2\/users\/3"}],"replies":[{"embeddable":true,"href":"https:\/\/ecolelibredecourriere.be\/index.php\/wp-json\/wp\/v2\/comments?post=4050"}],"version-history":[{"count":1,"href":"https:\/\/ecolelibredecourriere.be\/index.php\/wp-json\/wp\/v2\/posts\/4050\/revisions"}],"predecessor-version":[{"id":4052,"href":"https:\/\/ecolelibredecourriere.be\/index.php\/wp-json\/wp\/v2\/posts\/4050\/revisions\/4052"}],"wp:attachment":[{"href":"https:\/\/ecolelibredecourriere.be\/index.php\/wp-json\/wp\/v2\/media?parent=4050"}],"wp:term":[{"taxonomy":"category","embeddable":true,"href":"https:\/\/ecolelibredecourriere.be\/index.php\/wp-json\/wp\/v2\/categories?post=4050"},{"taxonomy":"post_tag","embeddable":true,"href":"https:\/\/ecolelibredecourriere.be\/index.php\/wp-json\/wp\/v2\/tags?post=4050"}],"curies":[{"name":"wp","href":"https:\/\/api.w.org\/{rel}","templated":true}]}}